{"id":619,"date":"2018-08-08T10:47:09","date_gmt":"2018-08-08T08:47:09","guid":{"rendered":"http:\/\/www.rs-offroad.fi\/?p=619"},"modified":"2018-08-08T10:47:09","modified_gmt":"2018-08-08T08:47:09","slug":"ei-oo-ihan-putkeen-menny-viimeaikoina","status":"publish","type":"post","link":"http:\/\/www.rs-offroad.fi\/?p=619","title":{"rendered":"Ei oo ihan putkeen menny viimeaikoina"},"content":{"rendered":"<p>17.3 Oltiin j\u00e4lleen P\u00e4ij\u00e4nteen ymp\u00e4riajossa mukana t\u00e4ll\u00e4 kertaa v 50 luokassa.<\/p>\n<p>&nbsp;<\/p>\n<p>Aamup\u00e4iv\u00e4 oli jotenkin v\u00e4kin\u00e4ist\u00e4 ajamista, mutta jotenkuten aikataulussa roikuttiin. Huoltotauko j\u00e4i muutamaan minuuttiin J\u00e4ms\u00e4ss\u00e4. Iltaa kohti jotenkin fiilikset parani, mutta sitten semmoset omituiset lipat, ja polvi otti itteens\u00e4. Jotenkin sinnittelin v\u00e4h\u00e4n isomman tien varteen ja huoltokorjasi ukkelin kyytiin. Monien vaiheiden j\u00e4lkeen polvi leikattiin, mutta paraneminen ollut aika hidasta ja kuski ehk\u00e4 hiukan huonolla motivaatiolla kuntoutunut sit\u00e4, nys ollaan v\u00e4hitellen taas noustu py\u00f6r\u00e4n p\u00e4\u00e4lle. Ehk\u00e4 viel\u00e4 joku kisankin tapainen t\u00e4lle vuodelle, EHK\u00c4P\u00c4 K\u00c4RMES<\/p>\n<p>&nbsp;<\/p>\n<p><a href=\"http:\/\/www.rs-offroad.fi\/wp-content\/uploads\/2018\/08\/p\u00e4itsill\u00e4.jpg\"><img loading=\"lazy\" decoding=\"async\" class=\"alignnone size-medium wp-image-620\" src=\"http:\/\/www.rs-offroad.fi\/wp-content\/uploads\/2018\/08\/p\u00e4itsill\u00e4-300x200.jpg\" alt=\"\" width=\"300\" height=\"200\" srcset=\"http:\/\/www.rs-offroad.fi\/wp-content\/uploads\/2018\/08\/p\u00e4itsill\u00e4-300x200.jpg 300w, http:\/\/www.rs-offroad.fi\/wp-content\/uploads\/2018\/08\/p\u00e4itsill\u00e4-768x512.jpg 768w, http:\/\/www.rs-offroad.fi\/wp-content\/uploads\/2018\/08\/p\u00e4itsill\u00e4-450x300.jpg 450w, http:\/\/www.rs-offroad.fi\/wp-content\/uploads\/2018\/08\/p\u00e4itsill\u00e4.jpg 960w\" sizes=\"auto, (max-width: 300px) 100vw, 300px\" \/><\/a><\/p>\n","protected":false},"excerpt":{"rendered":"<p>17.3 Oltiin j\u00e4lleen P\u00e4ij\u00e4nteen ymp\u00e4riajossa mukana t\u00e4ll\u00e4 kertaa v 50 luokassa. &nbsp; Aamup\u00e4iv\u00e4 oli jotenkin v\u00e4kin\u00e4ist\u00e4 ajamista, mutta jotenkuten aikataulussa roikuttiin. Huoltotauko j\u00e4i muutamaan minuuttiin J\u00e4ms\u00e4ss\u00e4. Iltaa kohti jotenkin fiilikset parani, mutta sitten semmoset omituiset lipat, ja polvi otti itteens\u00e4. &hellip; <a href=\"http:\/\/www.rs-offroad.fi\/?p=619\">Lue loppuun <span class=\"meta-nav\">&rarr;<\/span><\/a><\/p>\n","protected":false},"author":2,"featured_media":0,"comment_status":"open","ping_status":"closed","sticky":false,"template":"","format":"standard","meta":{"footnotes":""},"categories":[1],"tags":[],"class_list":["post-619","post","type-post","status-publish","format-standard","hentry","category-yleinen"],"_links":{"self":[{"href":"http:\/\/www.rs-offroad.fi\/index.php?rest_route=\/wp\/v2\/posts\/619","targetHints":{"allow":["GET"]}}],"collection":[{"href":"http:\/\/www.rs-offroad.fi\/index.php?rest_route=\/wp\/v2\/posts"}],"about":[{"href":"http:\/\/www.rs-offroad.fi\/index.php?rest_route=\/wp\/v2\/types\/post"}],"author":[{"embeddable":true,"href":"http:\/\/www.rs-offroad.fi\/index.php?rest_route=\/wp\/v2\/users\/2"}],"replies":[{"embeddable":true,"href":"http:\/\/www.rs-offroad.fi\/index.php?rest_route=%2Fwp%2Fv2%2Fcomments&post=619"}],"version-history":[{"count":2,"href":"http:\/\/www.rs-offroad.fi\/index.php?rest_route=\/wp\/v2\/posts\/619\/revisions"}],"predecessor-version":[{"id":622,"href":"http:\/\/www.rs-offroad.fi\/index.php?rest_route=\/wp\/v2\/posts\/619\/revisions\/622"}],"wp:attachment":[{"href":"http:\/\/www.rs-offroad.fi\/index.php?rest_route=%2Fwp%2Fv2%2Fmedia&parent=619"}],"wp:term":[{"taxonomy":"category","embeddable":true,"href":"http:\/\/www.rs-offroad.fi\/index.php?rest_route=%2Fwp%2Fv2%2Fcategories&post=619"},{"taxonomy":"post_tag","embeddable":true,"href":"http:\/\/www.rs-offroad.fi\/index.php?rest_route=%2Fwp%2Fv2%2Ftags&post=619"}],"curies":[{"name":"wp","href":"https:\/\/api.w.org\/{rel}","templated":true}]}}